{"id":886,"date":"2026-02-17T10:24:57","date_gmt":"2026-02-17T09:24:57","guid":{"rendered":"https:\/\/ingardi.com\/?p=886"},"modified":"2026-02-17T10:24:57","modified_gmt":"2026-02-17T09:24:57","slug":"deposito-municipal-de-vehiculos-de-torrevieja_ordenacion-y-versatilidad","status":"publish","type":"post","link":"https:\/\/ingardi.com\/?p=886","title":{"rendered":"DEP\u00d3SITO MUNICIPAL DE VEH\u00cdCULOS DE TORREVIEJA_ordenaci\u00f3n y versatilidad"},"content":{"rendered":"<p>[et_pb_section fb_built=\u00bb1&#8243; _builder_version=\u00bb4.27.4&#8243; _module_preset=\u00bbdefault\u00bb global_colors_info=\u00bb{}\u00bb theme_builder_area=\u00bbpost_content\u00bb][et_pb_row _builder_version=\u00bb4.27.4&#8243; _module_preset=\u00bbdefault\u00bb global_colors_info=\u00bb{}\u00bb theme_builder_area=\u00bbpost_content\u00bb][et_pb_column type=\u00bb4_4&#8243; _builder_version=\u00bb4.27.4&#8243; _module_preset=\u00bbdefault\u00bb global_colors_info=\u00bb{}\u00bb theme_builder_area=\u00bbpost_content\u00bb][et_pb_image src=\u00bbhttps:\/\/ingardi.com\/wp-content\/uploads\/2026\/02\/PRESENTADO-EL-NUEVO-DEPOSITO-MUNICIPAL-DE-VEHICULOS-QUE-ENTRARA-EN-FUNCIONAMIENTO-A-FINALES-DE-ANO-1.jpg\u00bb _builder_version=\u00bb4.27.4&#8243; _module_preset=\u00bbdefault\u00bb theme_builder_area=\u00bbpost_content\u00bb title_text=\u00bbPRESENTADO EL NUEVO DEPO\u0301SITO MUNICIPAL DE VEHI\u0301CULOS, QUE ENTRARA\u0301 EN FUNCIONAMIENTO A FINALES DE AN\u0303O 1&#8243; hover_enabled=\u00bb0&#8243; sticky_enabled=\u00bb0&#8243;][\/et_pb_image][et_pb_text _builder_version=\u00bb4.27.4&#8243; _module_preset=\u00bbdefault\u00bb hover_enabled=\u00bb0&#8243; global_colors_info=\u00bb{}\u00bb theme_builder_area=\u00bbpost_content\u00bb sticky_enabled=\u00bb0&#8243;]<\/p>\n<p data-start=\"104\" data-end=\"168\"><strong data-start=\"104\" data-end=\"168\">Torrevieja presenta el nuevo dep\u00f3sito municipal de veh\u00edculos<\/strong><\/p>\n<p data-start=\"170\" data-end=\"565\">El Ayuntamiento de Torrevieja ha presentado el nuevo dep\u00f3sito municipal de veh\u00edculos, una infraestructura de 7.000 m\u00b2 con capacidad para 219 plazas y una inversi\u00f3n superior a 520.000 euros. El recinto contar\u00e1 con sistemas automatizados de control de accesos, videovigilancia y espacios administrativos, reforzando la eficiencia y modernizaci\u00f3n del servicio de retirada y custodia de veh\u00edculos.<\/p>\n<p data-start=\"567\" data-end=\"593\">\ud83d\udd17 Leer noticia completa<\/p>\n<p><a href=\"https:\/\/torrevieja.es\/es\/noticias\/2022-07-05-presentado-nuevo-deposito-municipal-vehiculos-entrara-funcionamiento-finales\">https:\/\/torrevieja.es\/es\/noticias\/2022-07-05-presentado-nuevo-deposito-municipal-vehiculos-entrara-funcionamiento-finales<\/a><\/p>\n<p>[\/et_pb_text][\/et_pb_column][\/et_pb_row][\/et_pb_section]<\/p>\n","protected":false},"excerpt":{"rendered":"<p>Torrevieja presenta el nuevo dep\u00f3sito municipal de veh\u00edculos El Ayuntamiento de Torrevieja ha presentado el nuevo dep\u00f3sito municipal de veh\u00edculos, una infraestructura de 7.000 m\u00b2 con capacidad para 219 plazas y una inversi\u00f3n superior a 520.000 euros. El recinto contar\u00e1 con sistemas automatizados de control de accesos, videovigilancia y espacios administrativos, reforzando la eficiencia y [&hellip;]<\/p>\n","protected":false},"author":1,"featured_media":0,"comment_status":"closed","ping_status":"closed","sticky":false,"template":"","format":"standard","meta":{"_et_pb_use_builder":"on","_et_pb_old_content":"","_et_gb_content_width":"","footnotes":""},"categories":[1],"tags":[],"class_list":["post-886","post","type-post","status-publish","format-standard","hentry","category-sin-categoria"],"yoast_head":"<!-- This site is optimized with the Yoast SEO plugin v27.4 - https:\/\/yoast.com\/product\/yoast-seo-wordpress\/ -->\n<title>DEP\u00d3SITO MUNICIPAL DE VEH\u00cdCULOS DE TORREVIEJA_ordenaci\u00f3n y versatilidad - INGARDI<\/title>\n<meta name=\"robots\" content=\"index, follow, max-snippet:-1, max-image-preview:large, max-video-preview:-1\" \/>\n<link rel=\"canonical\" href=\"https:\/\/ingardi.com\/?p=886\" \/>\n<meta property=\"og:locale\" content=\"es_ES\" \/>\n<meta property=\"og:type\" content=\"article\" \/>\n<meta property=\"og:title\" content=\"DEP\u00d3SITO MUNICIPAL DE VEH\u00cdCULOS DE TORREVIEJA_ordenaci\u00f3n y versatilidad - INGARDI\" \/>\n<meta property=\"og:description\" content=\"Torrevieja presenta el nuevo dep\u00f3sito municipal de veh\u00edculos El Ayuntamiento de Torrevieja ha presentado el nuevo dep\u00f3sito municipal de veh\u00edculos, una infraestructura de 7.000 m\u00b2 con capacidad para 219 plazas y una inversi\u00f3n superior a 520.000 euros. El recinto contar\u00e1 con sistemas automatizados de control de accesos, videovigilancia y espacios administrativos, reforzando la eficiencia y [&hellip;]\" \/>\n<meta property=\"og:url\" content=\"https:\/\/ingardi.com\/?p=886\" \/>\n<meta property=\"og:site_name\" content=\"INGARDI\" \/>\n<meta property=\"article:published_time\" content=\"2026-02-17T09:24:57+00:00\" \/>\n<meta name=\"author\" content=\"migtar\" \/>\n<meta name=\"twitter:card\" content=\"summary_large_image\" \/>\n<meta name=\"twitter:label1\" content=\"Escrito por\" \/>\n\t<meta name=\"twitter:data1\" content=\"migtar\" \/>\n\t<meta name=\"twitter:label2\" content=\"Tiempo de lectura\" \/>\n\t<meta name=\"twitter:data2\" content=\"1 minuto\" \/>\n<script type=\"application\/ld+json\" class=\"yoast-schema-graph\">{\"@context\":\"https:\\\/\\\/schema.org\",\"@graph\":[{\"@type\":\"Article\",\"@id\":\"https:\\\/\\\/ingardi.com\\\/?p=886#article\",\"isPartOf\":{\"@id\":\"https:\\\/\\\/ingardi.com\\\/?p=886\"},\"author\":{\"name\":\"migtar\",\"@id\":\"https:\\\/\\\/ingardi.com\\\/#\\\/schema\\\/person\\\/f1fc93ce0145daf718c9f8891d00754f\"},\"headline\":\"DEP\u00d3SITO MUNICIPAL DE VEH\u00cdCULOS DE TORREVIEJA_ordenaci\u00f3n y versatilidad\",\"datePublished\":\"2026-02-17T09:24:57+00:00\",\"mainEntityOfPage\":{\"@id\":\"https:\\\/\\\/ingardi.com\\\/?p=886\"},\"wordCount\":222,\"publisher\":{\"@id\":\"https:\\\/\\\/ingardi.com\\\/#organization\"},\"inLanguage\":\"es\"},{\"@type\":\"WebPage\",\"@id\":\"https:\\\/\\\/ingardi.com\\\/?p=886\",\"url\":\"https:\\\/\\\/ingardi.com\\\/?p=886\",\"name\":\"DEP\u00d3SITO MUNICIPAL DE VEH\u00cdCULOS DE TORREVIEJA_ordenaci\u00f3n y versatilidad - INGARDI\",\"isPartOf\":{\"@id\":\"https:\\\/\\\/ingardi.com\\\/#website\"},\"datePublished\":\"2026-02-17T09:24:57+00:00\",\"breadcrumb\":{\"@id\":\"https:\\\/\\\/ingardi.com\\\/?p=886#breadcrumb\"},\"inLanguage\":\"es\",\"potentialAction\":[{\"@type\":\"ReadAction\",\"target\":[\"https:\\\/\\\/ingardi.com\\\/?p=886\"]}]},{\"@type\":\"BreadcrumbList\",\"@id\":\"https:\\\/\\\/ingardi.com\\\/?p=886#breadcrumb\",\"itemListElement\":[{\"@type\":\"ListItem\",\"position\":1,\"name\":\"Portada\",\"item\":\"https:\\\/\\\/ingardi.com\\\/\"},{\"@type\":\"ListItem\",\"position\":2,\"name\":\"DEP\u00d3SITO MUNICIPAL DE VEH\u00cdCULOS DE TORREVIEJA_ordenaci\u00f3n y versatilidad\"}]},{\"@type\":\"WebSite\",\"@id\":\"https:\\\/\\\/ingardi.com\\\/#website\",\"url\":\"https:\\\/\\\/ingardi.com\\\/\",\"name\":\"INGARDI\",\"description\":\"\",\"publisher\":{\"@id\":\"https:\\\/\\\/ingardi.com\\\/#organization\"},\"potentialAction\":[{\"@type\":\"SearchAction\",\"target\":{\"@type\":\"EntryPoint\",\"urlTemplate\":\"https:\\\/\\\/ingardi.com\\\/?s={search_term_string}\"},\"query-input\":{\"@type\":\"PropertyValueSpecification\",\"valueRequired\":true,\"valueName\":\"search_term_string\"}}],\"inLanguage\":\"es\"},{\"@type\":\"Organization\",\"@id\":\"https:\\\/\\\/ingardi.com\\\/#organization\",\"name\":\"INGARDI\",\"url\":\"https:\\\/\\\/ingardi.com\\\/\",\"logo\":{\"@type\":\"ImageObject\",\"inLanguage\":\"es\",\"@id\":\"https:\\\/\\\/ingardi.com\\\/#\\\/schema\\\/logo\\\/image\\\/\",\"url\":\"https:\\\/\\\/ingardi.com\\\/wp-content\\\/uploads\\\/2025\\\/12\\\/cropped-image-59.jpg\",\"contentUrl\":\"https:\\\/\\\/ingardi.com\\\/wp-content\\\/uploads\\\/2025\\\/12\\\/cropped-image-59.jpg\",\"width\":512,\"height\":512,\"caption\":\"INGARDI\"},\"image\":{\"@id\":\"https:\\\/\\\/ingardi.com\\\/#\\\/schema\\\/logo\\\/image\\\/\"}},{\"@type\":\"Person\",\"@id\":\"https:\\\/\\\/ingardi.com\\\/#\\\/schema\\\/person\\\/f1fc93ce0145daf718c9f8891d00754f\",\"name\":\"migtar\",\"sameAs\":[\"http:\\\/\\\/ingardi.com\"],\"url\":\"https:\\\/\\\/ingardi.com\\\/?author=1\"}]}<\/script>\n<!-- \/ Yoast SEO plugin. -->","yoast_head_json":{"title":"DEP\u00d3SITO MUNICIPAL DE VEH\u00cdCULOS DE TORREVIEJA_ordenaci\u00f3n y versatilidad - INGARDI","robots":{"index":"index","follow":"follow","max-snippet":"max-snippet:-1","max-image-preview":"max-image-preview:large","max-video-preview":"max-video-preview:-1"},"canonical":"https:\/\/ingardi.com\/?p=886","og_locale":"es_ES","og_type":"article","og_title":"DEP\u00d3SITO MUNICIPAL DE VEH\u00cdCULOS DE TORREVIEJA_ordenaci\u00f3n y versatilidad - INGARDI","og_description":"Torrevieja presenta el nuevo dep\u00f3sito municipal de veh\u00edculos El Ayuntamiento de Torrevieja ha presentado el nuevo dep\u00f3sito municipal de veh\u00edculos, una infraestructura de 7.000 m\u00b2 con capacidad para 219 plazas y una inversi\u00f3n superior a 520.000 euros. El recinto contar\u00e1 con sistemas automatizados de control de accesos, videovigilancia y espacios administrativos, reforzando la eficiencia y [&hellip;]","og_url":"https:\/\/ingardi.com\/?p=886","og_site_name":"INGARDI","article_published_time":"2026-02-17T09:24:57+00:00","author":"migtar","twitter_card":"summary_large_image","twitter_misc":{"Escrito por":"migtar","Tiempo de lectura":"1 minuto"},"schema":{"@context":"https:\/\/schema.org","@graph":[{"@type":"Article","@id":"https:\/\/ingardi.com\/?p=886#article","isPartOf":{"@id":"https:\/\/ingardi.com\/?p=886"},"author":{"name":"migtar","@id":"https:\/\/ingardi.com\/#\/schema\/person\/f1fc93ce0145daf718c9f8891d00754f"},"headline":"DEP\u00d3SITO MUNICIPAL DE VEH\u00cdCULOS DE TORREVIEJA_ordenaci\u00f3n y versatilidad","datePublished":"2026-02-17T09:24:57+00:00","mainEntityOfPage":{"@id":"https:\/\/ingardi.com\/?p=886"},"wordCount":222,"publisher":{"@id":"https:\/\/ingardi.com\/#organization"},"inLanguage":"es"},{"@type":"WebPage","@id":"https:\/\/ingardi.com\/?p=886","url":"https:\/\/ingardi.com\/?p=886","name":"DEP\u00d3SITO MUNICIPAL DE VEH\u00cdCULOS DE TORREVIEJA_ordenaci\u00f3n y versatilidad - INGARDI","isPartOf":{"@id":"https:\/\/ingardi.com\/#website"},"datePublished":"2026-02-17T09:24:57+00:00","breadcrumb":{"@id":"https:\/\/ingardi.com\/?p=886#breadcrumb"},"inLanguage":"es","potentialAction":[{"@type":"ReadAction","target":["https:\/\/ingardi.com\/?p=886"]}]},{"@type":"BreadcrumbList","@id":"https:\/\/ingardi.com\/?p=886#breadcrumb","itemListElement":[{"@type":"ListItem","position":1,"name":"Portada","item":"https:\/\/ingardi.com\/"},{"@type":"ListItem","position":2,"name":"DEP\u00d3SITO MUNICIPAL DE VEH\u00cdCULOS DE TORREVIEJA_ordenaci\u00f3n y versatilidad"}]},{"@type":"WebSite","@id":"https:\/\/ingardi.com\/#website","url":"https:\/\/ingardi.com\/","name":"INGARDI","description":"","publisher":{"@id":"https:\/\/ingardi.com\/#organization"},"potentialAction":[{"@type":"SearchAction","target":{"@type":"EntryPoint","urlTemplate":"https:\/\/ingardi.com\/?s={search_term_string}"},"query-input":{"@type":"PropertyValueSpecification","valueRequired":true,"valueName":"search_term_string"}}],"inLanguage":"es"},{"@type":"Organization","@id":"https:\/\/ingardi.com\/#organization","name":"INGARDI","url":"https:\/\/ingardi.com\/","logo":{"@type":"ImageObject","inLanguage":"es","@id":"https:\/\/ingardi.com\/#\/schema\/logo\/image\/","url":"https:\/\/ingardi.com\/wp-content\/uploads\/2025\/12\/cropped-image-59.jpg","contentUrl":"https:\/\/ingardi.com\/wp-content\/uploads\/2025\/12\/cropped-image-59.jpg","width":512,"height":512,"caption":"INGARDI"},"image":{"@id":"https:\/\/ingardi.com\/#\/schema\/logo\/image\/"}},{"@type":"Person","@id":"https:\/\/ingardi.com\/#\/schema\/person\/f1fc93ce0145daf718c9f8891d00754f","name":"migtar","sameAs":["http:\/\/ingardi.com"],"url":"https:\/\/ingardi.com\/?author=1"}]}},"_links":{"self":[{"href":"https:\/\/ingardi.com\/index.php?rest_route=\/wp\/v2\/posts\/886","targetHints":{"allow":["GET"]}}],"collection":[{"href":"https:\/\/ingardi.com\/index.php?rest_route=\/wp\/v2\/posts"}],"about":[{"href":"https:\/\/ingardi.com\/index.php?rest_route=\/wp\/v2\/types\/post"}],"author":[{"embeddable":true,"href":"https:\/\/ingardi.com\/index.php?rest_route=\/wp\/v2\/users\/1"}],"replies":[{"embeddable":true,"href":"https:\/\/ingardi.com\/index.php?rest_route=%2Fwp%2Fv2%2Fcomments&post=886"}],"version-history":[{"count":2,"href":"https:\/\/ingardi.com\/index.php?rest_route=\/wp\/v2\/posts\/886\/revisions"}],"predecessor-version":[{"id":891,"href":"https:\/\/ingardi.com\/index.php?rest_route=\/wp\/v2\/posts\/886\/revisions\/891"}],"wp:attachment":[{"href":"https:\/\/ingardi.com\/index.php?rest_route=%2Fwp%2Fv2%2Fmedia&parent=886"}],"wp:term":[{"taxonomy":"category","embeddable":true,"href":"https:\/\/ingardi.com\/index.php?rest_route=%2Fwp%2Fv2%2Fcategories&post=886"},{"taxonomy":"post_tag","embeddable":true,"href":"https:\/\/ingardi.com\/index.php?rest_route=%2Fwp%2Fv2%2Ftags&post=886"}],"curies":[{"name":"wp","href":"https:\/\/api.w.org\/{rel}","templated":true}]}}