{"id":873,"date":"2026-02-17T10:11:37","date_gmt":"2026-02-17T09:11:37","guid":{"rendered":"https:\/\/ingardi.com\/?p=873"},"modified":"2026-02-17T10:12:51","modified_gmt":"2026-02-17T09:12:51","slug":"novelda-digital_rueda-de-prensa-inicio-de-las-obras","status":"publish","type":"post","link":"https:\/\/ingardi.com\/?p=873","title":{"rendered":"NOVELDA DIGITAL_Rueda de prensa inicio de las obras"},"content":{"rendered":"<p>[et_pb_section fb_built=\u00bb1&#8243; _builder_version=\u00bb4.27.4&#8243; _module_preset=\u00bbdefault\u00bb global_colors_info=\u00bb{}\u00bb theme_builder_area=\u00bbpost_content\u00bb][et_pb_row _builder_version=\u00bb4.27.4&#8243; _module_preset=\u00bbdefault\u00bb global_colors_info=\u00bb{}\u00bb theme_builder_area=\u00bbpost_content\u00bb][et_pb_column type=\u00bb4_4&#8243; _builder_version=\u00bb4.27.4&#8243; _module_preset=\u00bbdefault\u00bb global_colors_info=\u00bb{}\u00bb theme_builder_area=\u00bbpost_content\u00bb][ba_video_popup image=\u00bbhttps:\/\/ingardi.com\/wp-content\/uploads\/2026\/02\/Captura-de-pantalla-2026-02-17-100855-1.jpg\u00bb video_link=\u00bbhttps:\/\/www.youtube.com\/watch?v=uutyjoWYJ0Y\u00bb img_height=\u00bb280px\u00bb icon_color=\u00bb#3979ff\u00bb border_radii=\u00bbon|9px|9px|9px|9px\u00bb box_shadow_style=\u00bbpreset1&#8243; box_shadow_color=\u00bbrgba(0,0,0,0.2)\u00bb _builder_version=\u00bb4.27.4&#8243; _module_preset=\u00bbdefault\u00bb theme_builder_area=\u00bbpost_content\u00bb title_text=\u00bbCaptura de pantalla 2026-02-17 100855&#8243; hover_enabled=\u00bb0&#8243; sticky_enabled=\u00bb0&#8243;][\/ba_video_popup][et_pb_text _builder_version=\u00bb4.27.4&#8243; _module_preset=\u00bbdefault\u00bb hover_enabled=\u00bb0&#8243; global_colors_info=\u00bb{}\u00bb theme_builder_area=\u00bbpost_content\u00bb sticky_enabled=\u00bb0&#8243;]<\/p>\n<p data-start=\"141\" data-end=\"218\"><strong data-start=\"141\" data-end=\"218\">Inician el proyecto de mejora de infraestructuras en el Pol\u00edgono Santa Fe<\/strong><\/p>\n<p data-start=\"220\" data-end=\"546\">En este v\u00eddeo se muestra el inicio de los trabajos para mejorar las infraestructuras y servicios del Pol\u00edgono Santa Fe, con actuaciones dirigidas a reforzar las conexiones y condiciones del \u00e1rea industrial. Una iniciativa clave para potenciar la movilidad y eficiencia del entorno urbano.<\/p>\n<p>&nbsp;<\/p>\n<p>[\/et_pb_text][\/et_pb_column][\/et_pb_row][\/et_pb_section]<\/p>\n","protected":false},"excerpt":{"rendered":"<p><div class=\"et_pb_module ba_video_popup ba_video_popup_0\">\n\t\t\t\t\n\t\t\t\t\n\t\t\t\t\n\t\t\t\t\n\t\t\t\t\n\t\t\t\t\n\t\t\t\t<div class=\"et_pb_module_inner\">\n\t\t\t\t\t<div class=\"dtq-module dtq-video-popup\">\n                \n                <div class=\"dtq-video-popup-wrap\">\n\t\t\t\t\t<a\n\t\t\t\t\t\tclass=\"dtq-video-popup-trigger dtq-popup-yt\"\n\t\t\t\t\t\tdata-order=\"0\"\n\t\t\t\t\t\tdata-type=\"yt\"\n\t\t\t\t\t\thref=\"https:\/\/www.youtube.com\/watch?v=uutyjoWYJ0Y\"\n\t\t\t\t\t\t\n\t\t\t\t\t>\n\t\t\t\t\t\t<span class=\"dtq-video-popup-icon\"><svg xmlns=\"http:\/\/www.w3.org\/2000\/svg\" x=\"0px\" y=\"0px\" viewBox=\"0 0 511.999 511.999\"><g><path d=\"M443.86,196.919L141.46,10.514C119.582-2.955,93.131-3.515,70.702,9.016c-22.429,12.529-35.819,35.35-35.819,61.041  v371.112c0,38.846,31.3,70.619,69.77,70.829c0.105,0,0.21,0.001,0.313,0.001c12.022-0.001,24.55-3.769,36.251-10.909 c9.413-5.743,12.388-18.029,6.645-27.441c-5.743-9.414-18.031-12.388-27.441-6.645c-5.473,3.338-10.818,5.065-15.553,5.064 c-14.515-0.079-30.056-12.513-30.056-30.898V70.058c0-11.021,5.744-20.808,15.364-26.183c9.621-5.375,20.966-5.135,30.339,0.636 l302.401,186.405c9.089,5.596,14.29,14.927,14.268,25.601c-0.022,10.673-5.261,19.983-14.4,25.56L204.147,415.945 c-9.404,5.758-12.36,18.049-6.602,27.452c5.757,9.404,18.048,12.36,27.452,6.602l218.611-133.852  c20.931-12.769,33.457-35.029,33.507-59.55C477.165,232.079,464.729,209.767,443.86,196.919z\"\/><\/g><\/svg><\/span>\n\t\t\t\t\t<\/a>\n                <\/div>\n                <div class=\"dtq-video-popup-figure\">\n\t\t\t\t\t<img decoding=\"async\" src=\"https:\/\/ingardi.com\/wp-content\/uploads\/2026\/02\/Captura-de-pantalla-2026-02-17-100855-1.jpg\" alt=\"\"\/>\n\t\t\t\t<\/div>\n            <\/div>\n\t\t\t\t<\/div>\n\t\t\t<\/div>Inician el proyecto de mejora de infraestructuras en el Pol\u00edgono Santa Fe En este v\u00eddeo se muestra el inicio de los trabajos para mejorar las infraestructuras y servicios del Pol\u00edgono Santa Fe, con actuaciones dirigidas a reforzar las [&hellip;]<\/p>\n","protected":false},"author":1,"featured_media":0,"comment_status":"closed","ping_status":"closed","sticky":false,"template":"","format":"standard","meta":{"_et_pb_use_builder":"on","_et_pb_old_content":"","_et_gb_content_width":"","footnotes":""},"categories":[1],"tags":[],"class_list":["post-873","post","type-post","status-publish","format-standard","hentry","category-sin-categoria"],"yoast_head":"<!-- This site is optimized with the Yoast SEO plugin v27.4 - https:\/\/yoast.com\/product\/yoast-seo-wordpress\/ -->\n<title>NOVELDA DIGITAL_Rueda de prensa inicio de las obras - INGARDI<\/title>\n<meta name=\"robots\" content=\"index, follow, max-snippet:-1, max-image-preview:large, max-video-preview:-1\" \/>\n<link rel=\"canonical\" href=\"https:\/\/ingardi.com\/?p=873\" \/>\n<meta property=\"og:locale\" content=\"es_ES\" \/>\n<meta property=\"og:type\" content=\"article\" \/>\n<meta property=\"og:title\" content=\"NOVELDA DIGITAL_Rueda de prensa inicio de las obras - INGARDI\" \/>\n<meta property=\"og:description\" content=\"Inician el proyecto de mejora de infraestructuras en el Pol\u00edgono Santa Fe En este v\u00eddeo se muestra el inicio de los trabajos para mejorar las infraestructuras y servicios del Pol\u00edgono Santa Fe, con actuaciones dirigidas a reforzar las [&hellip;]\" \/>\n<meta property=\"og:url\" content=\"https:\/\/ingardi.com\/?p=873\" \/>\n<meta property=\"og:site_name\" content=\"INGARDI\" \/>\n<meta property=\"article:published_time\" content=\"2026-02-17T09:11:37+00:00\" \/>\n<meta property=\"article:modified_time\" content=\"2026-02-17T09:12:51+00:00\" \/>\n<meta name=\"author\" content=\"migtar\" \/>\n<meta name=\"twitter:card\" content=\"summary_large_image\" \/>\n<meta name=\"twitter:label1\" content=\"Escrito por\" \/>\n\t<meta name=\"twitter:data1\" content=\"migtar\" \/>\n\t<meta name=\"twitter:label2\" content=\"Tiempo de lectura\" \/>\n\t<meta name=\"twitter:data2\" content=\"1 minuto\" \/>\n<script type=\"application\/ld+json\" class=\"yoast-schema-graph\">{\"@context\":\"https:\\\/\\\/schema.org\",\"@graph\":[{\"@type\":\"Article\",\"@id\":\"https:\\\/\\\/ingardi.com\\\/?p=873#article\",\"isPartOf\":{\"@id\":\"https:\\\/\\\/ingardi.com\\\/?p=873\"},\"author\":{\"name\":\"migtar\",\"@id\":\"https:\\\/\\\/ingardi.com\\\/#\\\/schema\\\/person\\\/f1fc93ce0145daf718c9f8891d00754f\"},\"headline\":\"NOVELDA DIGITAL_Rueda de prensa inicio de las obras\",\"datePublished\":\"2026-02-17T09:11:37+00:00\",\"dateModified\":\"2026-02-17T09:12:51+00:00\",\"mainEntityOfPage\":{\"@id\":\"https:\\\/\\\/ingardi.com\\\/?p=873\"},\"wordCount\":222,\"publisher\":{\"@id\":\"https:\\\/\\\/ingardi.com\\\/#organization\"},\"inLanguage\":\"es\"},{\"@type\":\"WebPage\",\"@id\":\"https:\\\/\\\/ingardi.com\\\/?p=873\",\"url\":\"https:\\\/\\\/ingardi.com\\\/?p=873\",\"name\":\"NOVELDA DIGITAL_Rueda de prensa inicio de las obras - INGARDI\",\"isPartOf\":{\"@id\":\"https:\\\/\\\/ingardi.com\\\/#website\"},\"datePublished\":\"2026-02-17T09:11:37+00:00\",\"dateModified\":\"2026-02-17T09:12:51+00:00\",\"breadcrumb\":{\"@id\":\"https:\\\/\\\/ingardi.com\\\/?p=873#breadcrumb\"},\"inLanguage\":\"es\",\"potentialAction\":[{\"@type\":\"ReadAction\",\"target\":[\"https:\\\/\\\/ingardi.com\\\/?p=873\"]}]},{\"@type\":\"BreadcrumbList\",\"@id\":\"https:\\\/\\\/ingardi.com\\\/?p=873#breadcrumb\",\"itemListElement\":[{\"@type\":\"ListItem\",\"position\":1,\"name\":\"Portada\",\"item\":\"https:\\\/\\\/ingardi.com\\\/\"},{\"@type\":\"ListItem\",\"position\":2,\"name\":\"NOVELDA DIGITAL_Rueda de prensa inicio de las obras\"}]},{\"@type\":\"WebSite\",\"@id\":\"https:\\\/\\\/ingardi.com\\\/#website\",\"url\":\"https:\\\/\\\/ingardi.com\\\/\",\"name\":\"INGARDI\",\"description\":\"\",\"publisher\":{\"@id\":\"https:\\\/\\\/ingardi.com\\\/#organization\"},\"potentialAction\":[{\"@type\":\"SearchAction\",\"target\":{\"@type\":\"EntryPoint\",\"urlTemplate\":\"https:\\\/\\\/ingardi.com\\\/?s={search_term_string}\"},\"query-input\":{\"@type\":\"PropertyValueSpecification\",\"valueRequired\":true,\"valueName\":\"search_term_string\"}}],\"inLanguage\":\"es\"},{\"@type\":\"Organization\",\"@id\":\"https:\\\/\\\/ingardi.com\\\/#organization\",\"name\":\"INGARDI\",\"url\":\"https:\\\/\\\/ingardi.com\\\/\",\"logo\":{\"@type\":\"ImageObject\",\"inLanguage\":\"es\",\"@id\":\"https:\\\/\\\/ingardi.com\\\/#\\\/schema\\\/logo\\\/image\\\/\",\"url\":\"https:\\\/\\\/ingardi.com\\\/wp-content\\\/uploads\\\/2025\\\/12\\\/cropped-image-59.jpg\",\"contentUrl\":\"https:\\\/\\\/ingardi.com\\\/wp-content\\\/uploads\\\/2025\\\/12\\\/cropped-image-59.jpg\",\"width\":512,\"height\":512,\"caption\":\"INGARDI\"},\"image\":{\"@id\":\"https:\\\/\\\/ingardi.com\\\/#\\\/schema\\\/logo\\\/image\\\/\"}},{\"@type\":\"Person\",\"@id\":\"https:\\\/\\\/ingardi.com\\\/#\\\/schema\\\/person\\\/f1fc93ce0145daf718c9f8891d00754f\",\"name\":\"migtar\",\"sameAs\":[\"http:\\\/\\\/ingardi.com\"],\"url\":\"https:\\\/\\\/ingardi.com\\\/?author=1\"}]}<\/script>\n<!-- \/ Yoast SEO plugin. -->","yoast_head_json":{"title":"NOVELDA DIGITAL_Rueda de prensa inicio de las obras - INGARDI","robots":{"index":"index","follow":"follow","max-snippet":"max-snippet:-1","max-image-preview":"max-image-preview:large","max-video-preview":"max-video-preview:-1"},"canonical":"https:\/\/ingardi.com\/?p=873","og_locale":"es_ES","og_type":"article","og_title":"NOVELDA DIGITAL_Rueda de prensa inicio de las obras - INGARDI","og_description":"Inician el proyecto de mejora de infraestructuras en el Pol\u00edgono Santa Fe En este v\u00eddeo se muestra el inicio de los trabajos para mejorar las infraestructuras y servicios del Pol\u00edgono Santa Fe, con actuaciones dirigidas a reforzar las [&hellip;]","og_url":"https:\/\/ingardi.com\/?p=873","og_site_name":"INGARDI","article_published_time":"2026-02-17T09:11:37+00:00","article_modified_time":"2026-02-17T09:12:51+00:00","author":"migtar","twitter_card":"summary_large_image","twitter_misc":{"Escrito por":"migtar","Tiempo de lectura":"1 minuto"},"schema":{"@context":"https:\/\/schema.org","@graph":[{"@type":"Article","@id":"https:\/\/ingardi.com\/?p=873#article","isPartOf":{"@id":"https:\/\/ingardi.com\/?p=873"},"author":{"name":"migtar","@id":"https:\/\/ingardi.com\/#\/schema\/person\/f1fc93ce0145daf718c9f8891d00754f"},"headline":"NOVELDA DIGITAL_Rueda de prensa inicio de las obras","datePublished":"2026-02-17T09:11:37+00:00","dateModified":"2026-02-17T09:12:51+00:00","mainEntityOfPage":{"@id":"https:\/\/ingardi.com\/?p=873"},"wordCount":222,"publisher":{"@id":"https:\/\/ingardi.com\/#organization"},"inLanguage":"es"},{"@type":"WebPage","@id":"https:\/\/ingardi.com\/?p=873","url":"https:\/\/ingardi.com\/?p=873","name":"NOVELDA DIGITAL_Rueda de prensa inicio de las obras - INGARDI","isPartOf":{"@id":"https:\/\/ingardi.com\/#website"},"datePublished":"2026-02-17T09:11:37+00:00","dateModified":"2026-02-17T09:12:51+00:00","breadcrumb":{"@id":"https:\/\/ingardi.com\/?p=873#breadcrumb"},"inLanguage":"es","potentialAction":[{"@type":"ReadAction","target":["https:\/\/ingardi.com\/?p=873"]}]},{"@type":"BreadcrumbList","@id":"https:\/\/ingardi.com\/?p=873#breadcrumb","itemListElement":[{"@type":"ListItem","position":1,"name":"Portada","item":"https:\/\/ingardi.com\/"},{"@type":"ListItem","position":2,"name":"NOVELDA DIGITAL_Rueda de prensa inicio de las obras"}]},{"@type":"WebSite","@id":"https:\/\/ingardi.com\/#website","url":"https:\/\/ingardi.com\/","name":"INGARDI","description":"","publisher":{"@id":"https:\/\/ingardi.com\/#organization"},"potentialAction":[{"@type":"SearchAction","target":{"@type":"EntryPoint","urlTemplate":"https:\/\/ingardi.com\/?s={search_term_string}"},"query-input":{"@type":"PropertyValueSpecification","valueRequired":true,"valueName":"search_term_string"}}],"inLanguage":"es"},{"@type":"Organization","@id":"https:\/\/ingardi.com\/#organization","name":"INGARDI","url":"https:\/\/ingardi.com\/","logo":{"@type":"ImageObject","inLanguage":"es","@id":"https:\/\/ingardi.com\/#\/schema\/logo\/image\/","url":"https:\/\/ingardi.com\/wp-content\/uploads\/2025\/12\/cropped-image-59.jpg","contentUrl":"https:\/\/ingardi.com\/wp-content\/uploads\/2025\/12\/cropped-image-59.jpg","width":512,"height":512,"caption":"INGARDI"},"image":{"@id":"https:\/\/ingardi.com\/#\/schema\/logo\/image\/"}},{"@type":"Person","@id":"https:\/\/ingardi.com\/#\/schema\/person\/f1fc93ce0145daf718c9f8891d00754f","name":"migtar","sameAs":["http:\/\/ingardi.com"],"url":"https:\/\/ingardi.com\/?author=1"}]}},"_links":{"self":[{"href":"https:\/\/ingardi.com\/index.php?rest_route=\/wp\/v2\/posts\/873","targetHints":{"allow":["GET"]}}],"collection":[{"href":"https:\/\/ingardi.com\/index.php?rest_route=\/wp\/v2\/posts"}],"about":[{"href":"https:\/\/ingardi.com\/index.php?rest_route=\/wp\/v2\/types\/post"}],"author":[{"embeddable":true,"href":"https:\/\/ingardi.com\/index.php?rest_route=\/wp\/v2\/users\/1"}],"replies":[{"embeddable":true,"href":"https:\/\/ingardi.com\/index.php?rest_route=%2Fwp%2Fv2%2Fcomments&post=873"}],"version-history":[{"count":2,"href":"https:\/\/ingardi.com\/index.php?rest_route=\/wp\/v2\/posts\/873\/revisions"}],"predecessor-version":[{"id":877,"href":"https:\/\/ingardi.com\/index.php?rest_route=\/wp\/v2\/posts\/873\/revisions\/877"}],"wp:attachment":[{"href":"https:\/\/ingardi.com\/index.php?rest_route=%2Fwp%2Fv2%2Fmedia&parent=873"}],"wp:term":[{"taxonomy":"category","embeddable":true,"href":"https:\/\/ingardi.com\/index.php?rest_route=%2Fwp%2Fv2%2Fcategories&post=873"},{"taxonomy":"post_tag","embeddable":true,"href":"https:\/\/ingardi.com\/index.php?rest_route=%2Fwp%2Fv2%2Ftags&post=873"}],"curies":[{"name":"wp","href":"https:\/\/api.w.org\/{rel}","templated":true}]}}