{"id":848,"date":"2026-02-17T09:55:35","date_gmt":"2026-02-17T08:55:35","guid":{"rendered":"https:\/\/ingardi.com\/?p=848"},"modified":"2026-02-17T09:55:35","modified_gmt":"2026-02-17T08:55:35","slug":"restauracion-puerta-negra-de-la-s-i-concatedral-de-san-nicolas-de-bari-de-alicante","status":"publish","type":"post","link":"https:\/\/ingardi.com\/?p=848","title":{"rendered":"RESTAURACI\u00d3N Puerta Negra de la S.I. Concatedral de San Nicol\u00e1s de Bari de Alicante."},"content":{"rendered":"<p>[et_pb_section fb_built=\u00bb1&#8243; _builder_version=\u00bb4.27.4&#8243; _module_preset=\u00bbdefault\u00bb global_colors_info=\u00bb{}\u00bb theme_builder_area=\u00bbpost_content\u00bb][et_pb_row _builder_version=\u00bb4.27.4&#8243; _module_preset=\u00bbdefault\u00bb global_colors_info=\u00bb{}\u00bb theme_builder_area=\u00bbpost_content\u00bb][et_pb_column type=\u00bb4_4&#8243; _builder_version=\u00bb4.27.4&#8243; _module_preset=\u00bbdefault\u00bb global_colors_info=\u00bb{}\u00bb theme_builder_area=\u00bbpost_content\u00bb][et_pb_image src=\u00bbhttps:\/\/ingardi.com\/wp-content\/uploads\/2026\/02\/745bf34d-d7f5-45c1-ae11-1471bc0a56bb_alta-libre-aspect-ratio_default_0.jpg\u00bb title_text=\u00bb745bf34d-d7f5-45c1-ae11-1471bc0a56bb_alta-libre-aspect-ratio_default_0&#8243; url=\u00bbhttp:\/\/www.diarioinformacion.com\/elche\/2015\/04\/25\/umh-empieza-obras-urbanizar-zona\/1624930.html\u00bb admin_label=\u00bbImagen\u00bb _builder_version=\u00bb4.27.4&#8243; _module_preset=\u00bbdefault\u00bb hover_enabled=\u00bb0&#8243; global_colors_info=\u00bb{}\u00bb theme_builder_area=\u00bbpost_content\u00bb sticky_enabled=\u00bb0&#8243;][\/et_pb_image][et_pb_text _builder_version=\u00bb4.27.4&#8243; _module_preset=\u00bbdefault\u00bb hover_enabled=\u00bb0&#8243; global_colors_info=\u00bb{}\u00bb theme_builder_area=\u00bbpost_content\u00bb sticky_enabled=\u00bb0&#8243;]<\/p>\n<p data-start=\"98\" data-end=\"155\"><strong data-start=\"98\" data-end=\"155\">Restauran la hist\u00f3rica Puerta Negra de la Concatedral<\/strong><\/p>\n<p data-start=\"157\" data-end=\"504\">El Cabildo de la Concatedral de San Nicol\u00e1s ha restaurado la emblem\u00e1tica Puerta Negra, del siglo XVII, tras el grave deterioro provocado por actos inc\u00edvicos en su entorno. La intervenci\u00f3n ha permitido sanear la estructura y garantizar la conservaci\u00f3n de este elemento patrimonial, una de las entradas m\u00e1s antiguas y nobles del templo alicantino.<\/p>\n<p data-start=\"506\" data-end=\"532\">\ud83d\udd17 Leer noticia completa<\/p>\n<p><a href=\"https:\/\/www.informacion.es\/alicante\/2017\/10\/03\/orines-destrozan-puerta-negra-concatedral-5870304.html\">https:\/\/www.informacion.es\/alicante\/2017\/10\/03\/orines-destrozan-puerta-negra-concatedral-5870304.html<\/a><\/p>\n<p>[\/et_pb_text][\/et_pb_column][\/et_pb_row][\/et_pb_section]<\/p>\n","protected":false},"excerpt":{"rendered":"<p>Restauran la hist\u00f3rica Puerta Negra de la Concatedral El Cabildo de la Concatedral de San Nicol\u00e1s ha restaurado la emblem\u00e1tica Puerta Negra, del siglo XVII, tras el grave deterioro provocado por actos inc\u00edvicos en su entorno. La intervenci\u00f3n ha permitido sanear la estructura y garantizar la conservaci\u00f3n de este elemento patrimonial, una de las entradas [&hellip;]<\/p>\n","protected":false},"author":1,"featured_media":0,"comment_status":"closed","ping_status":"closed","sticky":false,"template":"","format":"standard","meta":{"_et_pb_use_builder":"on","_et_pb_old_content":"","_et_gb_content_width":"","footnotes":""},"categories":[1],"tags":[],"class_list":["post-848","post","type-post","status-publish","format-standard","hentry","category-sin-categoria"],"yoast_head":"<!-- This site is optimized with the Yoast SEO plugin v27.4 - https:\/\/yoast.com\/product\/yoast-seo-wordpress\/ -->\n<title>RESTAURACI\u00d3N Puerta Negra de la S.I. Concatedral de San Nicol\u00e1s de Bari de Alicante. - INGARDI<\/title>\n<meta name=\"robots\" content=\"index, follow, max-snippet:-1, max-image-preview:large, max-video-preview:-1\" \/>\n<link rel=\"canonical\" href=\"https:\/\/ingardi.com\/?p=848\" \/>\n<meta property=\"og:locale\" content=\"es_ES\" \/>\n<meta property=\"og:type\" content=\"article\" \/>\n<meta property=\"og:title\" content=\"RESTAURACI\u00d3N Puerta Negra de la S.I. Concatedral de San Nicol\u00e1s de Bari de Alicante. - INGARDI\" \/>\n<meta property=\"og:description\" content=\"Restauran la hist\u00f3rica Puerta Negra de la Concatedral El Cabildo de la Concatedral de San Nicol\u00e1s ha restaurado la emblem\u00e1tica Puerta Negra, del siglo XVII, tras el grave deterioro provocado por actos inc\u00edvicos en su entorno. La intervenci\u00f3n ha permitido sanear la estructura y garantizar la conservaci\u00f3n de este elemento patrimonial, una de las entradas [&hellip;]\" \/>\n<meta property=\"og:url\" content=\"https:\/\/ingardi.com\/?p=848\" \/>\n<meta property=\"og:site_name\" content=\"INGARDI\" \/>\n<meta property=\"article:published_time\" content=\"2026-02-17T08:55:35+00:00\" \/>\n<meta name=\"author\" content=\"migtar\" \/>\n<meta name=\"twitter:card\" content=\"summary_large_image\" \/>\n<meta name=\"twitter:label1\" content=\"Escrito por\" \/>\n\t<meta name=\"twitter:data1\" content=\"migtar\" \/>\n\t<meta name=\"twitter:label2\" content=\"Tiempo de lectura\" \/>\n\t<meta name=\"twitter:data2\" content=\"1 minuto\" \/>\n<script type=\"application\/ld+json\" class=\"yoast-schema-graph\">{\"@context\":\"https:\\\/\\\/schema.org\",\"@graph\":[{\"@type\":\"Article\",\"@id\":\"https:\\\/\\\/ingardi.com\\\/?p=848#article\",\"isPartOf\":{\"@id\":\"https:\\\/\\\/ingardi.com\\\/?p=848\"},\"author\":{\"name\":\"migtar\",\"@id\":\"https:\\\/\\\/ingardi.com\\\/#\\\/schema\\\/person\\\/f1fc93ce0145daf718c9f8891d00754f\"},\"headline\":\"RESTAURACI\u00d3N Puerta Negra de la S.I. Concatedral de San Nicol\u00e1s de Bari de Alicante.\",\"datePublished\":\"2026-02-17T08:55:35+00:00\",\"mainEntityOfPage\":{\"@id\":\"https:\\\/\\\/ingardi.com\\\/?p=848\"},\"wordCount\":246,\"publisher\":{\"@id\":\"https:\\\/\\\/ingardi.com\\\/#organization\"},\"inLanguage\":\"es\"},{\"@type\":\"WebPage\",\"@id\":\"https:\\\/\\\/ingardi.com\\\/?p=848\",\"url\":\"https:\\\/\\\/ingardi.com\\\/?p=848\",\"name\":\"RESTAURACI\u00d3N Puerta Negra de la S.I. Concatedral de San Nicol\u00e1s de Bari de Alicante. - INGARDI\",\"isPartOf\":{\"@id\":\"https:\\\/\\\/ingardi.com\\\/#website\"},\"datePublished\":\"2026-02-17T08:55:35+00:00\",\"breadcrumb\":{\"@id\":\"https:\\\/\\\/ingardi.com\\\/?p=848#breadcrumb\"},\"inLanguage\":\"es\",\"potentialAction\":[{\"@type\":\"ReadAction\",\"target\":[\"https:\\\/\\\/ingardi.com\\\/?p=848\"]}]},{\"@type\":\"BreadcrumbList\",\"@id\":\"https:\\\/\\\/ingardi.com\\\/?p=848#breadcrumb\",\"itemListElement\":[{\"@type\":\"ListItem\",\"position\":1,\"name\":\"Portada\",\"item\":\"https:\\\/\\\/ingardi.com\\\/\"},{\"@type\":\"ListItem\",\"position\":2,\"name\":\"RESTAURACI\u00d3N Puerta Negra de la S.I. Concatedral de San Nicol\u00e1s de Bari de Alicante.\"}]},{\"@type\":\"WebSite\",\"@id\":\"https:\\\/\\\/ingardi.com\\\/#website\",\"url\":\"https:\\\/\\\/ingardi.com\\\/\",\"name\":\"INGARDI\",\"description\":\"\",\"publisher\":{\"@id\":\"https:\\\/\\\/ingardi.com\\\/#organization\"},\"potentialAction\":[{\"@type\":\"SearchAction\",\"target\":{\"@type\":\"EntryPoint\",\"urlTemplate\":\"https:\\\/\\\/ingardi.com\\\/?s={search_term_string}\"},\"query-input\":{\"@type\":\"PropertyValueSpecification\",\"valueRequired\":true,\"valueName\":\"search_term_string\"}}],\"inLanguage\":\"es\"},{\"@type\":\"Organization\",\"@id\":\"https:\\\/\\\/ingardi.com\\\/#organization\",\"name\":\"INGARDI\",\"url\":\"https:\\\/\\\/ingardi.com\\\/\",\"logo\":{\"@type\":\"ImageObject\",\"inLanguage\":\"es\",\"@id\":\"https:\\\/\\\/ingardi.com\\\/#\\\/schema\\\/logo\\\/image\\\/\",\"url\":\"https:\\\/\\\/ingardi.com\\\/wp-content\\\/uploads\\\/2025\\\/12\\\/cropped-image-59.jpg\",\"contentUrl\":\"https:\\\/\\\/ingardi.com\\\/wp-content\\\/uploads\\\/2025\\\/12\\\/cropped-image-59.jpg\",\"width\":512,\"height\":512,\"caption\":\"INGARDI\"},\"image\":{\"@id\":\"https:\\\/\\\/ingardi.com\\\/#\\\/schema\\\/logo\\\/image\\\/\"}},{\"@type\":\"Person\",\"@id\":\"https:\\\/\\\/ingardi.com\\\/#\\\/schema\\\/person\\\/f1fc93ce0145daf718c9f8891d00754f\",\"name\":\"migtar\",\"sameAs\":[\"http:\\\/\\\/ingardi.com\"],\"url\":\"https:\\\/\\\/ingardi.com\\\/?author=1\"}]}<\/script>\n<!-- \/ Yoast SEO plugin. -->","yoast_head_json":{"title":"RESTAURACI\u00d3N Puerta Negra de la S.I. Concatedral de San Nicol\u00e1s de Bari de Alicante. - INGARDI","robots":{"index":"index","follow":"follow","max-snippet":"max-snippet:-1","max-image-preview":"max-image-preview:large","max-video-preview":"max-video-preview:-1"},"canonical":"https:\/\/ingardi.com\/?p=848","og_locale":"es_ES","og_type":"article","og_title":"RESTAURACI\u00d3N Puerta Negra de la S.I. Concatedral de San Nicol\u00e1s de Bari de Alicante. - INGARDI","og_description":"Restauran la hist\u00f3rica Puerta Negra de la Concatedral El Cabildo de la Concatedral de San Nicol\u00e1s ha restaurado la emblem\u00e1tica Puerta Negra, del siglo XVII, tras el grave deterioro provocado por actos inc\u00edvicos en su entorno. La intervenci\u00f3n ha permitido sanear la estructura y garantizar la conservaci\u00f3n de este elemento patrimonial, una de las entradas [&hellip;]","og_url":"https:\/\/ingardi.com\/?p=848","og_site_name":"INGARDI","article_published_time":"2026-02-17T08:55:35+00:00","author":"migtar","twitter_card":"summary_large_image","twitter_misc":{"Escrito por":"migtar","Tiempo de lectura":"1 minuto"},"schema":{"@context":"https:\/\/schema.org","@graph":[{"@type":"Article","@id":"https:\/\/ingardi.com\/?p=848#article","isPartOf":{"@id":"https:\/\/ingardi.com\/?p=848"},"author":{"name":"migtar","@id":"https:\/\/ingardi.com\/#\/schema\/person\/f1fc93ce0145daf718c9f8891d00754f"},"headline":"RESTAURACI\u00d3N Puerta Negra de la S.I. Concatedral de San Nicol\u00e1s de Bari de Alicante.","datePublished":"2026-02-17T08:55:35+00:00","mainEntityOfPage":{"@id":"https:\/\/ingardi.com\/?p=848"},"wordCount":246,"publisher":{"@id":"https:\/\/ingardi.com\/#organization"},"inLanguage":"es"},{"@type":"WebPage","@id":"https:\/\/ingardi.com\/?p=848","url":"https:\/\/ingardi.com\/?p=848","name":"RESTAURACI\u00d3N Puerta Negra de la S.I. Concatedral de San Nicol\u00e1s de Bari de Alicante. - INGARDI","isPartOf":{"@id":"https:\/\/ingardi.com\/#website"},"datePublished":"2026-02-17T08:55:35+00:00","breadcrumb":{"@id":"https:\/\/ingardi.com\/?p=848#breadcrumb"},"inLanguage":"es","potentialAction":[{"@type":"ReadAction","target":["https:\/\/ingardi.com\/?p=848"]}]},{"@type":"BreadcrumbList","@id":"https:\/\/ingardi.com\/?p=848#breadcrumb","itemListElement":[{"@type":"ListItem","position":1,"name":"Portada","item":"https:\/\/ingardi.com\/"},{"@type":"ListItem","position":2,"name":"RESTAURACI\u00d3N Puerta Negra de la S.I. Concatedral de San Nicol\u00e1s de Bari de Alicante."}]},{"@type":"WebSite","@id":"https:\/\/ingardi.com\/#website","url":"https:\/\/ingardi.com\/","name":"INGARDI","description":"","publisher":{"@id":"https:\/\/ingardi.com\/#organization"},"potentialAction":[{"@type":"SearchAction","target":{"@type":"EntryPoint","urlTemplate":"https:\/\/ingardi.com\/?s={search_term_string}"},"query-input":{"@type":"PropertyValueSpecification","valueRequired":true,"valueName":"search_term_string"}}],"inLanguage":"es"},{"@type":"Organization","@id":"https:\/\/ingardi.com\/#organization","name":"INGARDI","url":"https:\/\/ingardi.com\/","logo":{"@type":"ImageObject","inLanguage":"es","@id":"https:\/\/ingardi.com\/#\/schema\/logo\/image\/","url":"https:\/\/ingardi.com\/wp-content\/uploads\/2025\/12\/cropped-image-59.jpg","contentUrl":"https:\/\/ingardi.com\/wp-content\/uploads\/2025\/12\/cropped-image-59.jpg","width":512,"height":512,"caption":"INGARDI"},"image":{"@id":"https:\/\/ingardi.com\/#\/schema\/logo\/image\/"}},{"@type":"Person","@id":"https:\/\/ingardi.com\/#\/schema\/person\/f1fc93ce0145daf718c9f8891d00754f","name":"migtar","sameAs":["http:\/\/ingardi.com"],"url":"https:\/\/ingardi.com\/?author=1"}]}},"_links":{"self":[{"href":"https:\/\/ingardi.com\/index.php?rest_route=\/wp\/v2\/posts\/848","targetHints":{"allow":["GET"]}}],"collection":[{"href":"https:\/\/ingardi.com\/index.php?rest_route=\/wp\/v2\/posts"}],"about":[{"href":"https:\/\/ingardi.com\/index.php?rest_route=\/wp\/v2\/types\/post"}],"author":[{"embeddable":true,"href":"https:\/\/ingardi.com\/index.php?rest_route=\/wp\/v2\/users\/1"}],"replies":[{"embeddable":true,"href":"https:\/\/ingardi.com\/index.php?rest_route=%2Fwp%2Fv2%2Fcomments&post=848"}],"version-history":[{"count":2,"href":"https:\/\/ingardi.com\/index.php?rest_route=\/wp\/v2\/posts\/848\/revisions"}],"predecessor-version":[{"id":852,"href":"https:\/\/ingardi.com\/index.php?rest_route=\/wp\/v2\/posts\/848\/revisions\/852"}],"wp:attachment":[{"href":"https:\/\/ingardi.com\/index.php?rest_route=%2Fwp%2Fv2%2Fmedia&parent=848"}],"wp:term":[{"taxonomy":"category","embeddable":true,"href":"https:\/\/ingardi.com\/index.php?rest_route=%2Fwp%2Fv2%2Fcategories&post=848"},{"taxonomy":"post_tag","embeddable":true,"href":"https:\/\/ingardi.com\/index.php?rest_route=%2Fwp%2Fv2%2Ftags&post=848"}],"curies":[{"name":"wp","href":"https:\/\/api.w.org\/{rel}","templated":true}]}}