{"id":802,"date":"2026-02-17T09:18:03","date_gmt":"2026-02-17T08:18:03","guid":{"rendered":"https:\/\/ingardi.com\/?p=802"},"modified":"2026-02-17T09:18:03","modified_gmt":"2026-02-17T08:18:03","slug":"la-concatedral-de-san-nicolas-rehabilita-el-claustro","status":"publish","type":"post","link":"https:\/\/ingardi.com\/?p=802","title":{"rendered":"La CONCATEDRAL de San Nicol\u00e1s, rehabilita el Claustro"},"content":{"rendered":"<p>[et_pb_section fb_built=\u00bb1&#8243; _builder_version=\u00bb4.27.4&#8243; _module_preset=\u00bbdefault\u00bb global_colors_info=\u00bb{}\u00bb theme_builder_area=\u00bbpost_content\u00bb][et_pb_row _builder_version=\u00bb4.27.4&#8243; _module_preset=\u00bbdefault\u00bb global_colors_info=\u00bb{}\u00bb theme_builder_area=\u00bbpost_content\u00bb][et_pb_column type=\u00bb4_4&#8243; _builder_version=\u00bb4.27.4&#8243; _module_preset=\u00bbdefault\u00bb global_colors_info=\u00bb{}\u00bb theme_builder_area=\u00bbpost_content\u00bb][et_pb_image src=\u00bbhttps:\/\/ingardi.com\/wp-content\/uploads\/2026\/02\/31167cee-ab5c-4fea-80ba-1b78586da939_16-9-aspect-ratio_default_0.webp\u00bb title_text=\u00bb31167cee-ab5c-4fea-80ba-1b78586da939_16-9-aspect-ratio_default_0&#8243; url=\u00bbhttp:\/\/www.diarioinformacion.com\/elche\/2015\/04\/25\/umh-empieza-obras-urbanizar-zona\/1624930.html\u00bb admin_label=\u00bbImagen\u00bb _builder_version=\u00bb4.27.4&#8243; _module_preset=\u00bbdefault\u00bb hover_enabled=\u00bb0&#8243; global_colors_info=\u00bb{}\u00bb theme_builder_area=\u00bbpost_content\u00bb sticky_enabled=\u00bb0&#8243;][\/et_pb_image][et_pb_text _builder_version=\u00bb4.27.4&#8243; _module_preset=\u00bbdefault\u00bb hover_enabled=\u00bb0&#8243; global_colors_info=\u00bb{}\u00bb theme_builder_area=\u00bbpost_content\u00bb sticky_enabled=\u00bb0&#8243;]<\/p>\n<p data-start=\"130\" data-end=\"209\"><strong data-start=\"130\" data-end=\"209\">La Concatedral de San Nicol\u00e1s rehabilita su claustro y \u00f3rgano con donativos<\/strong><\/p>\n<p data-start=\"211\" data-end=\"571\">La Concatedral de San Nicol\u00e1s de Alicante est\u00e1 acometiendo mejoras en su claustro y en su hist\u00f3rico \u00f3rgano del siglo XVII gracias a la recaudaci\u00f3n de los fieles. Las actuaciones incluyen la impermeabilizaci\u00f3n para evitar filtraciones, la renovaci\u00f3n de los aseos y el impulso definitivo a la restauraci\u00f3n del \u00f3rgano, una pieza \u00fanica del patrimonio valenciano.<\/p>\n<p data-start=\"573\" data-end=\"597\">\ud83d\udd17 Leer noticia completa<\/p>\n<p><a href=\"https:\/\/www.informacion.es\/alicante\/2017\/07\/28\/concatedral-rehabilita-dinero-cepillo-claustro-6223965.html\">https:\/\/www.informacion.es\/alicante\/2017\/07\/28\/concatedral-rehabilita-dinero-cepillo-claustro-6223965.html<\/a><\/p>\n<p>[\/et_pb_text][\/et_pb_column][\/et_pb_row][\/et_pb_section]<\/p>\n","protected":false},"excerpt":{"rendered":"<p>La Concatedral de San Nicol\u00e1s rehabilita su claustro y \u00f3rgano con donativos La Concatedral de San Nicol\u00e1s de Alicante est\u00e1 acometiendo mejoras en su claustro y en su hist\u00f3rico \u00f3rgano del siglo XVII gracias a la recaudaci\u00f3n de los fieles. Las actuaciones incluyen la impermeabilizaci\u00f3n para evitar filtraciones, la renovaci\u00f3n de los aseos y el [&hellip;]<\/p>\n","protected":false},"author":1,"featured_media":0,"comment_status":"closed","ping_status":"closed","sticky":false,"template":"","format":"standard","meta":{"_et_pb_use_builder":"on","_et_pb_old_content":"","_et_gb_content_width":"","footnotes":""},"categories":[1],"tags":[],"class_list":["post-802","post","type-post","status-publish","format-standard","hentry","category-sin-categoria"],"yoast_head":"<!-- This site is optimized with the Yoast SEO plugin v27.4 - https:\/\/yoast.com\/product\/yoast-seo-wordpress\/ -->\n<title>La CONCATEDRAL de San Nicol\u00e1s, rehabilita el Claustro - INGARDI<\/title>\n<meta name=\"robots\" content=\"index, follow, max-snippet:-1, max-image-preview:large, max-video-preview:-1\" \/>\n<link rel=\"canonical\" href=\"https:\/\/ingardi.com\/?p=802\" \/>\n<meta property=\"og:locale\" content=\"es_ES\" \/>\n<meta property=\"og:type\" content=\"article\" \/>\n<meta property=\"og:title\" content=\"La CONCATEDRAL de San Nicol\u00e1s, rehabilita el Claustro - INGARDI\" \/>\n<meta property=\"og:description\" content=\"La Concatedral de San Nicol\u00e1s rehabilita su claustro y \u00f3rgano con donativos La Concatedral de San Nicol\u00e1s de Alicante est\u00e1 acometiendo mejoras en su claustro y en su hist\u00f3rico \u00f3rgano del siglo XVII gracias a la recaudaci\u00f3n de los fieles. Las actuaciones incluyen la impermeabilizaci\u00f3n para evitar filtraciones, la renovaci\u00f3n de los aseos y el [&hellip;]\" \/>\n<meta property=\"og:url\" content=\"https:\/\/ingardi.com\/?p=802\" \/>\n<meta property=\"og:site_name\" content=\"INGARDI\" \/>\n<meta property=\"article:published_time\" content=\"2026-02-17T08:18:03+00:00\" \/>\n<meta name=\"author\" content=\"migtar\" \/>\n<meta name=\"twitter:card\" content=\"summary_large_image\" \/>\n<meta name=\"twitter:label1\" content=\"Escrito por\" \/>\n\t<meta name=\"twitter:data1\" content=\"migtar\" \/>\n\t<meta name=\"twitter:label2\" content=\"Tiempo de lectura\" \/>\n\t<meta name=\"twitter:data2\" content=\"1 minuto\" \/>\n<script type=\"application\/ld+json\" class=\"yoast-schema-graph\">{\"@context\":\"https:\\\/\\\/schema.org\",\"@graph\":[{\"@type\":\"Article\",\"@id\":\"https:\\\/\\\/ingardi.com\\\/?p=802#article\",\"isPartOf\":{\"@id\":\"https:\\\/\\\/ingardi.com\\\/?p=802\"},\"author\":{\"name\":\"migtar\",\"@id\":\"https:\\\/\\\/ingardi.com\\\/#\\\/schema\\\/person\\\/f1fc93ce0145daf718c9f8891d00754f\"},\"headline\":\"La CONCATEDRAL de San Nicol\u00e1s, rehabilita el Claustro\",\"datePublished\":\"2026-02-17T08:18:03+00:00\",\"mainEntityOfPage\":{\"@id\":\"https:\\\/\\\/ingardi.com\\\/?p=802\"},\"wordCount\":238,\"publisher\":{\"@id\":\"https:\\\/\\\/ingardi.com\\\/#organization\"},\"inLanguage\":\"es\"},{\"@type\":\"WebPage\",\"@id\":\"https:\\\/\\\/ingardi.com\\\/?p=802\",\"url\":\"https:\\\/\\\/ingardi.com\\\/?p=802\",\"name\":\"La CONCATEDRAL de San Nicol\u00e1s, rehabilita el Claustro - INGARDI\",\"isPartOf\":{\"@id\":\"https:\\\/\\\/ingardi.com\\\/#website\"},\"datePublished\":\"2026-02-17T08:18:03+00:00\",\"breadcrumb\":{\"@id\":\"https:\\\/\\\/ingardi.com\\\/?p=802#breadcrumb\"},\"inLanguage\":\"es\",\"potentialAction\":[{\"@type\":\"ReadAction\",\"target\":[\"https:\\\/\\\/ingardi.com\\\/?p=802\"]}]},{\"@type\":\"BreadcrumbList\",\"@id\":\"https:\\\/\\\/ingardi.com\\\/?p=802#breadcrumb\",\"itemListElement\":[{\"@type\":\"ListItem\",\"position\":1,\"name\":\"Portada\",\"item\":\"https:\\\/\\\/ingardi.com\\\/\"},{\"@type\":\"ListItem\",\"position\":2,\"name\":\"La CONCATEDRAL de San Nicol\u00e1s, rehabilita el Claustro\"}]},{\"@type\":\"WebSite\",\"@id\":\"https:\\\/\\\/ingardi.com\\\/#website\",\"url\":\"https:\\\/\\\/ingardi.com\\\/\",\"name\":\"INGARDI\",\"description\":\"\",\"publisher\":{\"@id\":\"https:\\\/\\\/ingardi.com\\\/#organization\"},\"potentialAction\":[{\"@type\":\"SearchAction\",\"target\":{\"@type\":\"EntryPoint\",\"urlTemplate\":\"https:\\\/\\\/ingardi.com\\\/?s={search_term_string}\"},\"query-input\":{\"@type\":\"PropertyValueSpecification\",\"valueRequired\":true,\"valueName\":\"search_term_string\"}}],\"inLanguage\":\"es\"},{\"@type\":\"Organization\",\"@id\":\"https:\\\/\\\/ingardi.com\\\/#organization\",\"name\":\"INGARDI\",\"url\":\"https:\\\/\\\/ingardi.com\\\/\",\"logo\":{\"@type\":\"ImageObject\",\"inLanguage\":\"es\",\"@id\":\"https:\\\/\\\/ingardi.com\\\/#\\\/schema\\\/logo\\\/image\\\/\",\"url\":\"https:\\\/\\\/ingardi.com\\\/wp-content\\\/uploads\\\/2025\\\/12\\\/cropped-image-59.jpg\",\"contentUrl\":\"https:\\\/\\\/ingardi.com\\\/wp-content\\\/uploads\\\/2025\\\/12\\\/cropped-image-59.jpg\",\"width\":512,\"height\":512,\"caption\":\"INGARDI\"},\"image\":{\"@id\":\"https:\\\/\\\/ingardi.com\\\/#\\\/schema\\\/logo\\\/image\\\/\"}},{\"@type\":\"Person\",\"@id\":\"https:\\\/\\\/ingardi.com\\\/#\\\/schema\\\/person\\\/f1fc93ce0145daf718c9f8891d00754f\",\"name\":\"migtar\",\"sameAs\":[\"http:\\\/\\\/ingardi.com\"],\"url\":\"https:\\\/\\\/ingardi.com\\\/?author=1\"}]}<\/script>\n<!-- \/ Yoast SEO plugin. -->","yoast_head_json":{"title":"La CONCATEDRAL de San Nicol\u00e1s, rehabilita el Claustro - INGARDI","robots":{"index":"index","follow":"follow","max-snippet":"max-snippet:-1","max-image-preview":"max-image-preview:large","max-video-preview":"max-video-preview:-1"},"canonical":"https:\/\/ingardi.com\/?p=802","og_locale":"es_ES","og_type":"article","og_title":"La CONCATEDRAL de San Nicol\u00e1s, rehabilita el Claustro - INGARDI","og_description":"La Concatedral de San Nicol\u00e1s rehabilita su claustro y \u00f3rgano con donativos La Concatedral de San Nicol\u00e1s de Alicante est\u00e1 acometiendo mejoras en su claustro y en su hist\u00f3rico \u00f3rgano del siglo XVII gracias a la recaudaci\u00f3n de los fieles. Las actuaciones incluyen la impermeabilizaci\u00f3n para evitar filtraciones, la renovaci\u00f3n de los aseos y el [&hellip;]","og_url":"https:\/\/ingardi.com\/?p=802","og_site_name":"INGARDI","article_published_time":"2026-02-17T08:18:03+00:00","author":"migtar","twitter_card":"summary_large_image","twitter_misc":{"Escrito por":"migtar","Tiempo de lectura":"1 minuto"},"schema":{"@context":"https:\/\/schema.org","@graph":[{"@type":"Article","@id":"https:\/\/ingardi.com\/?p=802#article","isPartOf":{"@id":"https:\/\/ingardi.com\/?p=802"},"author":{"name":"migtar","@id":"https:\/\/ingardi.com\/#\/schema\/person\/f1fc93ce0145daf718c9f8891d00754f"},"headline":"La CONCATEDRAL de San Nicol\u00e1s, rehabilita el Claustro","datePublished":"2026-02-17T08:18:03+00:00","mainEntityOfPage":{"@id":"https:\/\/ingardi.com\/?p=802"},"wordCount":238,"publisher":{"@id":"https:\/\/ingardi.com\/#organization"},"inLanguage":"es"},{"@type":"WebPage","@id":"https:\/\/ingardi.com\/?p=802","url":"https:\/\/ingardi.com\/?p=802","name":"La CONCATEDRAL de San Nicol\u00e1s, rehabilita el Claustro - INGARDI","isPartOf":{"@id":"https:\/\/ingardi.com\/#website"},"datePublished":"2026-02-17T08:18:03+00:00","breadcrumb":{"@id":"https:\/\/ingardi.com\/?p=802#breadcrumb"},"inLanguage":"es","potentialAction":[{"@type":"ReadAction","target":["https:\/\/ingardi.com\/?p=802"]}]},{"@type":"BreadcrumbList","@id":"https:\/\/ingardi.com\/?p=802#breadcrumb","itemListElement":[{"@type":"ListItem","position":1,"name":"Portada","item":"https:\/\/ingardi.com\/"},{"@type":"ListItem","position":2,"name":"La CONCATEDRAL de San Nicol\u00e1s, rehabilita el Claustro"}]},{"@type":"WebSite","@id":"https:\/\/ingardi.com\/#website","url":"https:\/\/ingardi.com\/","name":"INGARDI","description":"","publisher":{"@id":"https:\/\/ingardi.com\/#organization"},"potentialAction":[{"@type":"SearchAction","target":{"@type":"EntryPoint","urlTemplate":"https:\/\/ingardi.com\/?s={search_term_string}"},"query-input":{"@type":"PropertyValueSpecification","valueRequired":true,"valueName":"search_term_string"}}],"inLanguage":"es"},{"@type":"Organization","@id":"https:\/\/ingardi.com\/#organization","name":"INGARDI","url":"https:\/\/ingardi.com\/","logo":{"@type":"ImageObject","inLanguage":"es","@id":"https:\/\/ingardi.com\/#\/schema\/logo\/image\/","url":"https:\/\/ingardi.com\/wp-content\/uploads\/2025\/12\/cropped-image-59.jpg","contentUrl":"https:\/\/ingardi.com\/wp-content\/uploads\/2025\/12\/cropped-image-59.jpg","width":512,"height":512,"caption":"INGARDI"},"image":{"@id":"https:\/\/ingardi.com\/#\/schema\/logo\/image\/"}},{"@type":"Person","@id":"https:\/\/ingardi.com\/#\/schema\/person\/f1fc93ce0145daf718c9f8891d00754f","name":"migtar","sameAs":["http:\/\/ingardi.com"],"url":"https:\/\/ingardi.com\/?author=1"}]}},"_links":{"self":[{"href":"https:\/\/ingardi.com\/index.php?rest_route=\/wp\/v2\/posts\/802","targetHints":{"allow":["GET"]}}],"collection":[{"href":"https:\/\/ingardi.com\/index.php?rest_route=\/wp\/v2\/posts"}],"about":[{"href":"https:\/\/ingardi.com\/index.php?rest_route=\/wp\/v2\/types\/post"}],"author":[{"embeddable":true,"href":"https:\/\/ingardi.com\/index.php?rest_route=\/wp\/v2\/users\/1"}],"replies":[{"embeddable":true,"href":"https:\/\/ingardi.com\/index.php?rest_route=%2Fwp%2Fv2%2Fcomments&post=802"}],"version-history":[{"count":2,"href":"https:\/\/ingardi.com\/index.php?rest_route=\/wp\/v2\/posts\/802\/revisions"}],"predecessor-version":[{"id":806,"href":"https:\/\/ingardi.com\/index.php?rest_route=\/wp\/v2\/posts\/802\/revisions\/806"}],"wp:attachment":[{"href":"https:\/\/ingardi.com\/index.php?rest_route=%2Fwp%2Fv2%2Fmedia&parent=802"}],"wp:term":[{"taxonomy":"category","embeddable":true,"href":"https:\/\/ingardi.com\/index.php?rest_route=%2Fwp%2Fv2%2Fcategories&post=802"},{"taxonomy":"post_tag","embeddable":true,"href":"https:\/\/ingardi.com\/index.php?rest_route=%2Fwp%2Fv2%2Ftags&post=802"}],"curies":[{"name":"wp","href":"https:\/\/api.w.org\/{rel}","templated":true}]}}